{"id":109213,"date":"2023-04-25T17:40:50","date_gmt":"2023-04-25T14:40:50","guid":{"rendered":"https:\/\/events.misatv.ro\/?p=109213"},"modified":"2026-07-30T10:12:23","modified_gmt":"2026-07-30T07:12:23","slug":"hlavni-aktivity-jarniho-duchovniho-esoterickeho-jogoveho-tabora","status":"publish","type":"post","link":"https:\/\/events.misatv.ro\/cs\/hlavni-aktivity-jarniho-duchovniho-esoterickeho-jogoveho-tabora\/","title":{"rendered":"Hlavn\u00ed aktivity Jarn\u00edho duchovn\u00edho esoterick\u00e9ho j\u00f3gov\u00e9ho t\u00e1bora 2026"},"content":{"rendered":"<p><span lang=\"cs-CZ\">Duchovn\u00ed j\u00f3gov\u00fd ezoterick\u00fd pr\u00e1zdninov\u00fd t\u00e1bor na v\u00e1s \u010dek\u00e1 i letos s bohat\u00fdm programem, kter\u00fd je ur\u010den jak za\u010d\u00e1te\u010dn\u00edk\u016fm, tak pokro\u010dil\u00fdm praktikant\u016fm j\u00f3gy. Podrobn\u00fd program bude k dispozici jak na webov\u00fdch str\u00e1nk\u00e1ch t\u00e1bora, tak na n\u00e1st\u011bnce komandamentu v Costine\u0219ti a bude zahrnovat:<\/span><\/p>\n<ul>\n<li><span lang=\"cs-CZ\"><b>Premi\u00e9rov\u00e9<\/b><\/span><span lang=\"cs-CZ\"> ezoterick\u00e9 zasv\u011bcen\u00ed do<\/span><span lang=\"cs-CZ\"><b> mantry pro spojen\u00ed s tajemnou \u0159\u00ed\u0161\u00ed, kter\u00e1 existuje v <\/b><\/span><span lang=\"cs-CZ\"><i><b>\u0160ambale<\/b><\/i><\/span><span lang=\"cs-CZ\"><b>.<\/b><\/span><span lang=\"cs-CZ\"> \u00da\u010dast na tomto zasv\u011bcen\u00ed (teoretick\u00e1 p\u0159edn\u00e1\u0161ka a implementace mantry) je podm\u00edn\u011bna v\u00fdb\u011brem pomoc\u00ed losov\u00e1n\u00ed.<\/span>\n<ul>\n<li><span lang=\"cs-CZ\">Losov\u00e1n\u00ed: 18., 19. a 20. srpna<\/span><\/li>\n<li><span lang=\"cs-CZ\">Teoretick\u00e1 p\u0159edn\u00e1\u0161ka: 22., 23. a 24. srpna<\/span><\/li>\n<li><span lang=\"cs-CZ\">Implementace mantry: 24. a 25. srpna<\/span><\/li>\n<\/ul>\n<\/li>\n<li><span lang=\"cs-CZ\"><b>Premi\u00e9rov\u00e9<\/b><span lang=\"cs-CZ\"> zasv\u011bcen\u00ed do <span lang=\"cs-CZ\"><b>dvou archetyp\u00e1ln\u00edch gest (muder)<\/b><\/span><\/span><\/span>\n<ul>\n<li><span lang=\"cs-CZ\">19. a 21. srpna \u2013 Zasv\u011bcen\u00ed do abhayamudry<\/span><\/li>\n<li><span lang=\"cs-CZ\">28. a 31. srpna \u2013 Zasv\u011bcen\u00ed do padmamudry<\/span><\/li>\n<\/ul>\n<\/li>\n<li><span lang=\"cs-CZ\"><b>Indukce stavu blahod\u00e1rn\u00e9ho romantick\u00e9ho tranzu: <\/b><span lang=\"cs-CZ\">15. srpna<\/span><\/span><\/li>\n<li><span lang=\"cs-CZ\">Opakov\u00e1n\u00ed zasv\u011bcen\u00ed do <span lang=\"cs-CZ\"><b>n\u00e1dhern\u00e9ho stavu blahod\u00e1rn\u00e9ho tranzu, kter\u00fd vyvol\u00e1v\u00e1 pln\u00fd projev vzne\u0161en\u00e9 subtiln\u00ed energie \u010dist\u00e9ho er\u00f3tu<\/b><\/span><\/span>\n<ul>\n<li><span lang=\"cs-CZ\">Teoretick\u00e1 p\u0159edn\u00e1\u0161ka: 16., 17. a 18. srpna.<\/span><\/li>\n<\/ul>\n<\/li>\n<li><span lang=\"cs-CZ\"><b>Indukce \u00fa\u017easn\u00e9ho stavu blahod\u00e1rn\u00e9ho tranzu, kter\u00fd vyvol\u00e1v\u00e1 pl\u00fd projev vzne\u0161en\u00e9 subtiln\u00ed energie \u010dist\u00e9ho er\u00f3tu: <\/b><span lang=\"cs-CZ\">19. srpna<\/span><\/span><\/li>\n<li><span lang=\"cs-CZ\">Zasv\u011bcen\u00ed do<span lang=\"cs-CZ\"><b> mantry pro spojen\u00ed s\u00a0avatarem Kalkim.<\/b><span lang=\"cs-CZ\"> \u00da\u010dast na tomto zasv\u011bcen\u00ed (teoretick\u00e1 p\u0159edn\u00e1\u0161ka a implementace mantry) je podm\u00edn\u011bna v\u00fdb\u011brem losov\u00e1n\u00edm.<\/span><\/span><\/span>\n<ul>\n<li><span lang=\"cs-CZ\">Losov\u00e1n\u00ed: 7. srpna<\/span><\/li>\n<li><span lang=\"cs-CZ\">Teoretick\u00e1 p\u0159edn\u00e1\u0161ka: 8. srpna<\/span><\/li>\n<li><span lang=\"cs-CZ\">Prov\u00e1d\u011bn\u00ed mantry: 9. srpna<\/span><\/li>\n<\/ul>\n<\/li>\n<li><span lang=\"cs-CZ\">Zasv\u011bcen\u00ed do <span lang=\"cs-CZ\"><b>mantry spojen\u00ed s Vi\u0161nuem. <\/b><span lang=\"cs-CZ\">\u00da\u010dast na tomto zasv\u011bcen\u00ed (teoretick\u00e1 p\u0159edn\u00e1\u0161ka a prov\u00e1d\u011bn\u00ed mantry) je podm\u00edn\u011bna v\u00fdb\u011brem losov\u00e1n\u00edm.<\/span><\/span><\/span>\n<ul>\n<li><span lang=\"cs-CZ\">Losov\u00e1n\u00ed: 14. srpna<\/span><\/li>\n<li><span lang=\"cs-CZ\">Poslech teoretick\u00e9 p\u0159edn\u00e1\u0161ky: 15. srpna<\/span><\/li>\n<li><span lang=\"cs-CZ\">Implementace mantry: 17. srpna<\/span><\/li>\n<\/ul>\n<\/li>\n<li><span lang=\"cs-CZ\">Opakov\u00e1n\u00ed <span lang=\"cs-CZ\"><b>p\u0159edn\u00e1\u0161ek Charismatick\u00e9ho teofanick\u00e9ho hnut\u00ed (MCT): p\u0159edn\u00e1\u0161ky od 22 do 29 <\/b><span lang=\"cs-CZ\">(odpov\u00eddaj\u00edc\u00ed pol\u00ed\u010dk\u016fm 10 a\u017e 18 na roz\u0161\u00ed\u0159en\u00e9 kart\u011b MCT): 28., 29., 31. srpna a 1. z\u00e1\u0159\u00ed<\/span><\/span><\/span><\/li>\n<li><span lang=\"cs-CZ\">Duchovn\u00ed uk\u00e1zka hlubok\u00e9ho duchovn\u00edho spojen\u00ed s <span lang=\"cs-CZ\"><b>Du\u0161\u00ed rumunsk\u00e9ho n\u00e1roda<\/b><span lang=\"cs-CZ\">: 6. srpna<\/span><\/span><\/span><\/li>\n<li><span lang=\"cs-CZ\">Sedm duchovn\u00edch uk\u00e1zek <span lang=\"cs-CZ\"><b>v sol\u00e1rn\u00ed jangov\u00e9 spir\u00e1le, n\u00e1sledovan\u00fdch indukc\u00ed stavu osvobozen\u00ed skrze Bo\u017e\u00ed z\u00e1zrak<\/b><span lang=\"cs-CZ\">, po nich\u017e n\u00e1sleduje uv\u011bdom\u011bn\u00ed si \u00fa\u010dinku k\u00e1mam\u00fata \u2013 tajemn\u00e9ho a \u00fa\u017easn\u00e9ho \u00fa\u010dinku vzne\u0161en\u00e9 subtiln\u00ed energie \u010dist\u00e9ho bo\u017esk\u00e9ho Erosu: 8., 10., 13., 16., 25., <span lang=\"cs-CZ\"><b>28. <\/b><span lang=\"cs-CZ\">srpna a 1. z\u00e1\u0159\u00ed<\/span><\/span><\/span><\/span><\/span><\/li>\n<li><span lang=\"cs-CZ\">Duchovn\u00ed uk\u00e1zky <span lang=\"cs-CZ\"><b>slavn\u00e9ho androgynn\u00edho stavu<\/b><span lang=\"cs-CZ\"> v sol\u00e1rn\u00ed jangov\u00e9 spir\u00e1le: 14. a 21. srpna<\/span><\/span><\/span><\/li>\n<li><span lang=\"cs-CZ\">Uk\u00e1zka hlubok\u00e9ho duchovn\u00edho spojen\u00ed s <span lang=\"cs-CZ\"><b>du\u0161emi n\u00e1rod\u016f \u00fa\u010dastn\u00edc\u00edch se t\u00e1bora<\/b><span lang=\"cs-CZ\"> v sol\u00e1rn\u00ed jangov\u00e9 spir\u00e1le: 22. srpna<\/span><\/span><\/span><\/li>\n<li><span lang=\"cs-CZ\">Duchovn\u00ed uk\u00e1zka ve <span lang=\"cs-CZ\"><b>spir\u00e1le jin \u2013 jang<\/b><span lang=\"cs-CZ\">: 18. srpna<\/span><\/span><\/span><\/li>\n<li><span lang=\"cs-CZ\">Spir\u00e1la u p\u0159\u00edle\u017eitosti okultn\u00edho okam\u017eiku <span lang=\"cs-CZ\"><b>ro\u010dn\u00edho hi\u00e1tu<\/b><span lang=\"cs-CZ\">: 27. srpna<\/span><\/span><\/span><\/li>\n<li><span lang=\"cs-CZ\"><b>V\u00fdjime\u010dn\u00e1 duchovn\u00ed l\u00e9\u010div\u00e1 ud\u00e1lost<\/b><span lang=\"cs-CZ\">: 30. srpna<\/span><\/span><\/li>\n<li><span lang=\"cs-CZ\">P\u011bt duchovn\u00edch manifestac\u00ed s vzne\u0161enou jemnohmotnou energi\u00ed <span lang=\"cs-CZ\"><b>Bo\u017esk\u00e9ho atributu \u010cist\u00e9ho Bo\u017esk\u00e9ho Erosu<\/b><span lang=\"cs-CZ\">, n\u00e1sledovan\u00fdch uv\u011bdom\u011bn\u00edm si \u00fa\u010dinku Kama Muta \u2013 tajemn\u00e9ho a \u00fa\u017easn\u00e9ho \u00fa\u010dinku vzne\u0161en\u00e9 jemnohmotn\u00e9 energie \u010cist\u00e9ho Bo\u017esk\u00e9ho Erosu: 7., 12., 20., 23. srpna, 2. z\u00e1\u0159\u00ed<\/span><\/span><\/span><\/li>\n<li><span lang=\"cs-CZ\">P\u011bt duchovn\u00edch uk\u00e1zek procesu <span lang=\"cs-CZ\"><b>\u010dasov\u00e9ho posunu <\/b><span lang=\"cs-CZ\">v tajemn\u00e9 sf\u00e9\u0159e v\u011bdom\u00ed<span lang=\"cs-CZ\"><b>, <\/b><span lang=\"cs-CZ\">n\u00e1sledovan\u00fdch uv\u011bdom\u011bn\u00edm si \u00fa\u010dinku Kama Muta \u2013 \u00fa\u017easn\u00e9ho tajemn\u00e9ho \u00fa\u010dinku vzne\u0161en\u00e9 jemnohmotn\u00e9 energie \u010cist\u00e9ho Bo\u017esk\u00e9ho Erosu: 5., 9., 15., 19. a 31. srpna<\/span><\/span><\/span><\/span><\/span><\/li>\n<li><span lang=\"cs-CZ\">Ritu\u00e1l projekce a jemnohmotn\u00e9 cesty do <span lang=\"cs-CZ\"><b>sv\u011bta \u0160ambaly<\/b><span lang=\"cs-CZ\">, po kter\u00e9m n\u00e1sleduje extatick\u00e9 ztoto\u017en\u011bn\u00ed se s <span lang=\"cs-CZ\"><b>kr\u00e1lem sv\u011bta \u0160ambaly<\/b><span lang=\"cs-CZ\"> prost\u0159ednictv\u00edm \u0161ambalsk\u00e9 jantry: 26. srpna<\/span><\/span><\/span><\/span><\/span><\/li>\n<li><span lang=\"cs-CZ\"><b>Sedm speci\u00e1ln\u00edch uk\u00e1zek pro<\/b><\/span><\/li>\n<li><span lang=\"cs-CZ\"><b>Sedm speci\u00e1ln\u00edch uk\u00e1zek pro mu\u017ee, <\/b><span lang=\"cs-CZ\">n\u00e1sledovan\u00fdch uv\u011bdom\u011bn\u00edm si \u00fa\u010dinku k\u00e1mam\u00fata \u2013 tajemn\u00e9ho a \u00fa\u017easn\u00e9ho \u00fa\u010dinku vzne\u0161en\u00e9 subtiln\u00ed energie \u010dist\u00e9ho Bo\u017e\u00edho er\u00f3tu: 14. srpna<\/span><\/span><\/li>\n<li><span lang=\"cs-CZ\"><b>Sedm speci\u00e1ln\u00edch uk\u00e1zek pro \u017eeny a mu\u017ee <\/b><span lang=\"cs-CZ\">(sm\u00ed\u0161en\u00e1 konference), n\u00e1sledovan\u00e9 uv\u011bdom\u011bn\u00edm si \u00fa\u010dinku k\u00e1mam\u00fata \u2013 tajemn\u00e9ho a \u00fa\u017easn\u00e9ho \u00fa\u010dinku vzne\u0161en\u00e9 subtiln\u00ed energie \u010dist\u00e9ho Bo\u017e\u00edho er\u00f3tu: 26. srpna<\/span><\/span><\/li>\n<\/ul>\n<p><span lang=\"cs-CZ\">V Costine\u0219ti se budou konat tak\u00e9 duchovn\u011b-um\u011bleck\u00e1 <\/span><span lang=\"cs-CZ\"><b>p\u0159edstaven\u00ed<\/b><\/span><span lang=\"cs-CZ\">, <\/span><span lang=\"cs-CZ\"><b>praktick\u00e9 techniky a metody<\/b><\/span><span lang=\"cs-CZ\">, mezi nimi\u017e zm\u00edn\u00edme:<\/span><\/p>\n<ul>\n<li><span lang=\"cs-CZ\">P\u0159edstaven\u00ed \u201eVelkolep\u00e9 a euforick\u00e9 setk\u00e1n\u00ed na\u0161eho srdce s v\u011bdom\u00edm\u201c ve t\u0159ech \u010d\u00e1stech: 17., 24. a 29. srpna<\/span><\/li>\n<li><span lang=\"cs-CZ\">Oslava znamen\u00ed panny, jej\u00ed\u017e sou\u010d\u00e1st\u00ed je vystoupen\u00ed \u201eZ\u00e1klady povinnosti\u201c: 23. srpna<\/span><\/li>\n<li><span lang=\"cs-CZ\">Vyvol\u00e1n\u00ed z ak\u00e1\u0161i mimo\u0159\u00e1dn\u00fdch duchovn\u00edch okam\u017eik\u016f z po\u010d\u00e1tk\u016f na\u0161\u00ed \u0161koly<\/span><\/li>\n<li><span lang=\"cs-CZ\">Splynut\u00ed se \u0160ivou pomoc\u00ed techniky lajaj\u00f3gy s jeho prvn\u00ed mantrou, v n\u00ed\u017e n\u00e1s \u0160iva vede do tajemn\u00e9 reality Boha Otce<\/span><\/li>\n<li><span lang=\"cs-CZ\">Lajaj\u00f3ga s bid\u017eamantrou guru\u010dakry atd.<\/span><\/li>\n<\/ul>\n<p><span lang=\"cs-CZ\">Sledujte pros\u00edm ozn\u00e1men\u00ed na t\u00e9to str\u00e1nce nebo na <\/span><span style=\"color: #0563c1;\"><u><a href=\"https:\/\/t.me\/tabaraonline\"><span lang=\"cs-CZ\">Telegramov\u00e9m kan\u00e1lu t\u00e1bora<\/span><\/a><\/u><\/span><span lang=\"cs-CZ\">, abyste byli v\u010das informov\u00e1ni o p\u0159\u00edpadn\u00fdch zm\u011bn\u00e1ch programu.<\/span><\/p>\n<p lang=\"cs-CZ\">\n","protected":false},"excerpt":{"rendered":"<p>Duchovn\u00ed j\u00f3gov\u00fd ezoterick\u00fd pr\u00e1zdninov\u00fd t\u00e1bor na v\u00e1s \u010dek\u00e1 i letos s bohat\u00fdm programem, kter\u00fd je ur\u010den jak za\u010d\u00e1te\u010dn\u00edk\u016fm, tak pokro\u010dil\u00fdm praktikant\u016fm j\u00f3gy. Podrobn\u00fd program bude k dispozici jak na webov\u00fdch str\u00e1nk\u00e1ch t\u00e1bora, tak na n\u00e1st\u011bnce komandamentu v Costine\u0219ti a bude zahrnovat: Premi\u00e9rov\u00e9 ezoterick\u00e9 zasv\u011bcen\u00ed do mantry pro spojen\u00ed s tajemnou \u0159\u00ed\u0161\u00ed, kter\u00e1 existuje v \u0160ambale. [&hellip;]<\/p>\n","protected":false},"author":4812,"featured_media":0,"comment_status":"open","ping_status":"open","sticky":false,"template":"","format":"standard","meta":{"_et_pb_use_builder":"","_et_pb_old_content":"","_et_gb_content_width":"","footnotes":""},"categories":[1],"tags":[],"class_list":["post-109213","post","type-post","status-publish","format-standard","hentry","category-uncategorized-ro"],"_links":{"self":[{"href":"https:\/\/events.misatv.ro\/cs\/wp-json\/wp\/v2\/posts\/109213","targetHints":{"allow":["GET"]}}],"collection":[{"href":"https:\/\/events.misatv.ro\/cs\/wp-json\/wp\/v2\/posts"}],"about":[{"href":"https:\/\/events.misatv.ro\/cs\/wp-json\/wp\/v2\/types\/post"}],"author":[{"embeddable":true,"href":"https:\/\/events.misatv.ro\/cs\/wp-json\/wp\/v2\/users\/4812"}],"replies":[{"embeddable":true,"href":"https:\/\/events.misatv.ro\/cs\/wp-json\/wp\/v2\/comments?post=109213"}],"version-history":[{"count":8,"href":"https:\/\/events.misatv.ro\/cs\/wp-json\/wp\/v2\/posts\/109213\/revisions"}],"predecessor-version":[{"id":207718,"href":"https:\/\/events.misatv.ro\/cs\/wp-json\/wp\/v2\/posts\/109213\/revisions\/207718"}],"wp:attachment":[{"href":"https:\/\/events.misatv.ro\/cs\/wp-json\/wp\/v2\/media?parent=109213"}],"wp:term":[{"taxonomy":"category","embeddable":true,"href":"https:\/\/events.misatv.ro\/cs\/wp-json\/wp\/v2\/categories?post=109213"},{"taxonomy":"post_tag","embeddable":true,"href":"https:\/\/events.misatv.ro\/cs\/wp-json\/wp\/v2\/tags?post=109213"}],"curies":[{"name":"wp","href":"https:\/\/api.w.org\/{rel}","templated":true}]}}